{"id":9303,"date":"2026-04-27T12:26:14","date_gmt":"2026-04-27T10:26:14","guid":{"rendered":"https:\/\/www.protezionisrl.com\/oltre-i-confini-italia-e-svizzera-unite-dal-design\/"},"modified":"2026-04-27T13:28:30","modified_gmt":"2026-04-27T11:28:30","slug":"au-dela-des-frontieres-litalie-et-la-suisse-unies-par-le-design","status":"publish","type":"post","link":"https:\/\/www.protezionisrl.com\/fr\/au-dela-des-frontieres-litalie-et-la-suisse-unies-par-le-design\/","title":{"rendered":"Au-del\u00e0 des fronti\u00e8res : l&rsquo;Italie et la Suisse unies par le design"},"content":{"rendered":"\t\t<div data-elementor-type=\"wp-post\" data-elementor-id=\"9303\" class=\"elementor elementor-9303 elementor-9298\">\n\t\t\t\t<div class=\"elementor-element elementor-element-6548dfa0 e-con-full e-flex e-con e-parent\" data-id=\"6548dfa0\" data-element_type=\"container\" data-e-type=\"container\">\n\t\t\t\t<div class=\"elementor-element elementor-element-7fd4f95f elementor-widget elementor-widget-custom_breadcrumb\" data-id=\"7fd4f95f\" data-element_type=\"widget\" data-e-type=\"widget\" data-widget_type=\"custom_breadcrumb.default\">\n\t\t\t\t<div class=\"elementor-widget-container\">\n\t\t\t\t\t<nav aria-label=\"breadcrumb\"><ul class=\"breadcrumb\" style=\"display: flex; list-style: none; padding: 0; gap: 10px;\"><li class=\"breadcrumb-item\"><a href=\"https:\/\/www.protezionisrl.com\/fr\/\">Home<\/a><\/li><li class=\"breadcrumb-item\"><a href=\"https:\/\/www.protezionisrl.com\/news-blog\/\">News &amp; Blog<\/a><\/li><\/ul><\/nav>\t\t\t\t<\/div>\n\t\t\t\t<\/div>\n\t\t\t\t<\/div>\n\t\t<div class=\"elementor-element elementor-element-577ac13 e-flex e-con-boxed e-con e-parent\" data-id=\"577ac13\" data-element_type=\"container\" data-e-type=\"container\">\n\t\t\t\t\t<div class=\"e-con-inner\">\n\t\t<div class=\"elementor-element elementor-element-52e8634 e-con-full e-flex e-con e-child\" data-id=\"52e8634\" data-element_type=\"container\" data-e-type=\"container\">\n\t\t<div class=\"elementor-element elementor-element-4d73a36 e-con-full e-flex e-con e-child\" data-id=\"4d73a36\" data-element_type=\"container\" data-e-type=\"container\">\n\t\t\t\t<div class=\"elementor-element elementor-element-612b147e elementor-widget elementor-widget-qi_addons_for_elementor_image_slider\" data-id=\"612b147e\" data-element_type=\"widget\" data-e-type=\"widget\" data-widget_type=\"qi_addons_for_elementor_image_slider.default\">\n\t\t\t\t<div class=\"elementor-widget-container\">\n\t\t\t\t\t<div class=\"qodef-shortcode qodef-m custom-slider qodef-qi-image-slider qodef-col-num--1 qodef-qi-grid qodef-qi-swiper-container\" data-options=\"{&quot;direction&quot;:&quot;horizontal&quot;,&quot;slidesPerView&quot;:&quot;1&quot;,&quot;spaceBetween&quot;:0,&quot;spaceBetweenTablet&quot;:30,&quot;spaceBetweenMobile&quot;:30,&quot;effect&quot;:&quot;slide&quot;,&quot;loop&quot;:false,&quot;autoplay&quot;:false,&quot;centeredSlides&quot;:false,&quot;speed&quot;:&quot;&quot;,&quot;speedAnimation&quot;:&quot;&quot;,&quot;outsideNavigation&quot;:&quot;no&quot;,&quot;outsidePagination&quot;:&quot;no&quot;,&quot;unique&quot;:876,&quot;partialValue&quot;:0,&quot;disablePartialValue&quot;:&quot;&quot;,&quot;parallax&quot;:&quot;no&quot;}\">\n\t<div class=\"swiper-wrapper\">\n\t\t<div class=\"qodef-e swiper-slide\">\n\t<div class=\"qodef-e-inner\">\n\t\t<div class=\"qodef-e-inner-holder\">\n\t\t\t\t\t\t\t<img fetchpriority=\"high\" decoding=\"async\" width=\"1062\" height=\"650\" src=\"https:\/\/www.protezionisrl.com\/wp-content\/uploads\/2026\/04\/1_Protezioni_Swiss_Corner_Milano-square-1062x650.jpg\" class=\"attachment-qi_addons_for_elementor_image_size_landscape size-qi_addons_for_elementor_image_size_landscape\" alt=\"\" \/>\t\t\t\t\t<\/div>\n\t<\/div>\n\t<\/div>\n\t<\/div>\n\t<\/div>\n\t\t\t\t<\/div>\n\t\t\t\t<\/div>\n\t\t\t\t<div class=\"elementor-element elementor-element-0fca580 elementor-widget elementor-widget-post_header\" data-id=\"0fca580\" data-element_type=\"widget\" data-e-type=\"widget\" data-widget_type=\"post_header.default\">\n\t\t\t\t<div class=\"elementor-widget-container\">\n\t\t\t\t\t\n    <header class=\"post-header\">\n\n        <h1 class=\"post-header__title\">\n            Au-del\u00e0 des fronti\u00e8res : l&rsquo;Italie et la Suisse unies par le design        <\/h1>\n\n        <div class=\"post-header__meta\">\n\n            \n                <span class=\"post-header__categories\">\n\n                    <a href=\"https:\/\/www.protezionisrl.com\/fr\/category\/eventi-fr\/\">\u00c9v\u00e9nements<\/a> <a href=\"https:\/\/www.protezionisrl.com\/fr\/category\/azienda-fr\/\">Protezioni<\/a> \n                <\/span>\n\n                        \n             -             \n            \n                <span class=\"post-header__date\">\n                    27\/04\/26                <\/span>\n\n            \n        <\/div>\n\n    <\/header>\n\n    \t\t\t\t<\/div>\n\t\t\t\t<\/div>\n\t\t\t\t<\/div>\n\t\t\t\t<\/div>\n\t\t<div class=\"elementor-element elementor-element-44dcdf e-con-full e-flex e-con e-child\" data-id=\"44dcdf\" data-element_type=\"container\" data-e-type=\"container\" data-settings=\"{&quot;background_background&quot;:&quot;classic&quot;}\">\n\t\t<div class=\"elementor-element elementor-element-09d5d44 e-con-full e-flex e-con e-child\" data-id=\"09d5d44\" data-element_type=\"container\" data-e-type=\"container\" data-settings=\"{&quot;animation&quot;:&quot;none&quot;}\">\n\t\t\t\t<div class=\"elementor-element elementor-element-f2e4a8b elementor-widget elementor-widget-heading\" data-id=\"f2e4a8b\" data-element_type=\"widget\" data-e-type=\"widget\" data-widget_type=\"heading.default\">\n\t\t\t\t\t<h2 class=\"elementor-heading-title elementor-size-default\">Piazza Cavour \u00e0 l\u2019angle de la Via Palestro, Milan. L\u2019espace sera ouvert du mardi au vendredi de 7 h 30 \u00e0 24 h, le samedi de 8 h 30 \u00e0 24 h et le dimanche de 8 h 30 \u00e0 22 h.<\/h2>\t\t\t\t<\/div>\n\t\t\t\t<div class=\"elementor-element elementor-element-34ae2ff elementor-widget elementor-widget-custom_image\" data-id=\"34ae2ff\" data-element_type=\"widget\" data-e-type=\"widget\" data-widget_type=\"custom_image.default\">\n\t\t\t\t\t\t\t<div class=\"qodef-shortcode qodef-m qodef-single-image qodef-layout--default\">\n\t\t\t<div class=\"qodef-m-image\">\n\n\t\t\t\t\n\t\t\t\t\n\t\t\t\t<img decoding=\"async\" width=\"1062\" height=\"797\" src=\"https:\/\/www.protezionisrl.com\/wp-content\/uploads\/2026\/04\/2_Protezioni_Swiss_Corner_Milano.jpg\" class=\"attachment-full size-full wp-image-9221\" alt=\"\" srcset=\"https:\/\/www.protezionisrl.com\/wp-content\/uploads\/2026\/04\/2_Protezioni_Swiss_Corner_Milano.jpg 1062w, https:\/\/www.protezionisrl.com\/wp-content\/uploads\/2026\/04\/2_Protezioni_Swiss_Corner_Milano-300x225.jpg 300w, https:\/\/www.protezionisrl.com\/wp-content\/uploads\/2026\/04\/2_Protezioni_Swiss_Corner_Milano-1024x768.jpg 1024w, https:\/\/www.protezionisrl.com\/wp-content\/uploads\/2026\/04\/2_Protezioni_Swiss_Corner_Milano-768x576.jpg 768w\" sizes=\"(max-width: 1062px) 100vw, 1062px\" \/>\n\t\t\t\t\n\t\t\t\t\n\t\t\t<\/div><!-- \/.qodef-m-image -->\n\t\t<\/div><!-- \/.qodef-shortcode -->\n\t\t\t\t\t\t<\/div>\n\t\t\t\t<div class=\"elementor-element elementor-element-75ede157 elementor-widget elementor-widget-text-editor\" data-id=\"75ede157\" data-element_type=\"widget\" data-e-type=\"widget\" data-widget_type=\"text-editor.default\">\n\t\t\t\t\t\t\t\t\t<p>Apr\u00e8s le succ\u00e8s des \u00e9ditions pr\u00e9c\u00e9dentes, notamment \u201cThe Future of Living \u201d et \u201cPop n\u2019Plates\u201d, la collaboration entre Andrea Castrignano et Swiss Corner se poursuit. Pour 2026, le projet se renouvelle en mettant l\u2019accent sur l\u2019espace ext\u00e9rieur, en amplifiant encore davantage la vision de l\u2019habitat contemporain et en proposant une exp\u00e9rience qui d\u00e9passe les limites traditionnelles entre les espaces int\u00e9rieurs et ext\u00e9rieurs.<\/p><p>Cet endroit embl\u00e9matique situ\u00e9 au c\u0153ur du Porta Venezia Design District, con\u00e7u par la Chambre de commerce suisse en Italie, redevient ainsi un lieu immersif o\u00f9 fonctionnalit\u00e9 et \u00e9l\u00e9gance s\u2019\u00e9tendent \u00e9galement \u00e0 l\u2019hospitalit\u00e9 dans les espaces ext\u00e9rieurs, sous la direction artistique et cr\u00e9ative d\u2019Andrea Castrignano.<\/p>\t\t\t\t\t\t\t\t<\/div>\n\t\t\t\t<div class=\"elementor-element elementor-element-9423ced elementor-widget elementor-widget-custom_image\" data-id=\"9423ced\" data-element_type=\"widget\" data-e-type=\"widget\" data-widget_type=\"custom_image.default\">\n\t\t\t\t\t\t\t<div class=\"qodef-shortcode qodef-m qodef-single-image qodef-layout--default\">\n\t\t\t<div class=\"qodef-m-image\">\n\n\t\t\t\t\n\t\t\t\t\n\t\t\t\t<img decoding=\"async\" width=\"1062\" height=\"1300\" src=\"https:\/\/www.protezionisrl.com\/wp-content\/uploads\/2026\/04\/3_Protezioni_Swiss_Corner_Milano-1062x1300.jpg\" class=\"attachment-hiroshi_core_image_size_huge-square size-hiroshi_core_image_size_huge-square wp-image-9222\" alt=\"\" \/>\n\t\t\t\t\n\t\t\t\t\n\t\t\t<\/div><!-- \/.qodef-m-image -->\n\t\t<\/div><!-- \/.qodef-shortcode -->\n\t\t\t\t\t\t<\/div>\n\t\t\t\t<div class=\"elementor-element elementor-element-ec13251 elementor-widget elementor-widget-text-editor\" data-id=\"ec13251\" data-element_type=\"widget\" data-e-type=\"widget\" data-widget_type=\"text-editor.default\">\n\t\t\t\t\t\t\t\t\t<p>Le protagoniste du projet est Nesos, la couverture ALL SEASON de Protezioni, entreprise italienne sp\u00e9cialis\u00e9e dans la fabrication de syst\u00e8mes int\u00e9gr\u00e9s de protection pour les espaces ext\u00e9rieurs, con\u00e7ue pour red\u00e9finir la fa\u00e7on de vivre les espaces en plein air. Qu\u2019elle soit autoportante ou adoss\u00e9e, elle se distingue par son inclinaison dissimul\u00e9e qui garantit d\u2019excellentes performances en mati\u00e8re d\u2019\u00e9tanch\u00e9it\u00e9 \u00e0 l\u2019air et \u00e0 l\u2019eau, de r\u00e9sistance aux charges et d\u2019isolation thermique, le tout avec un design \u00e9pur\u00e9 et hautement personnalisable.<\/p><p>Dans ce contexte, la couverture n\u2019est pas consid\u00e9r\u00e9e comme une simple structure fonctionnelle, mais bien comme un v\u00e9ritable dispositif d\u2019am\u00e9nagement de l\u2019espace public, en mesure d\u2019harmoniser la fa\u00e7ade du b\u00e2timent, d\u2019am\u00e9liorer les conditions microclimatiques et de renforcer le lien entre l\u2019architecture et le contexte urbain.<\/p><p>Dans cette perspective, cette initiative rev\u00eat \u00e9galement une valeur symbolique en tant que pont culturel entre l\u2019Italie et la Suisse. La couverture ALL SEASON devient l\u2019expression d\u2019une vision commune du projet contemporain, fond\u00e9e sur la rigueur formelle, la qualit\u00e9 de la construction, le souci du d\u00e9tail et la durabilit\u00e9 environnementale : des valeurs qui appartiennent aussi bien \u00e0 la culture architecturale suisse qu\u2019\u00e0 celle milanaise.<\/p>\t\t\t\t\t\t\t\t<\/div>\n\t\t\t\t<div class=\"elementor-element elementor-element-0a5147a elementor-widget elementor-widget-custom_image\" data-id=\"0a5147a\" data-element_type=\"widget\" data-e-type=\"widget\" data-widget_type=\"custom_image.default\">\n\t\t\t\t\t\t\t<div class=\"qodef-shortcode qodef-m qodef-single-image qodef-layout--default\">\n\t\t\t<div class=\"qodef-m-image\">\n\n\t\t\t\t\n\t\t\t\t\n\t\t\t\t<img loading=\"lazy\" decoding=\"async\" width=\"1062\" height=\"1300\" src=\"https:\/\/www.protezionisrl.com\/wp-content\/uploads\/2026\/04\/4_Protezioni_Swiss_Corner_Milano-1062x1300.jpg\" class=\"attachment-hiroshi_core_image_size_huge-square size-hiroshi_core_image_size_huge-square wp-image-9223\" alt=\"\" \/>\n\t\t\t\t\n\t\t\t\t\n\t\t\t<\/div><!-- \/.qodef-m-image -->\n\t\t<\/div><!-- \/.qodef-shortcode -->\n\t\t\t\t\t\t<\/div>\n\t\t\t\t<\/div>\n\t\t\t\t<\/div>\n\t\t\t\t\t<\/div>\n\t\t\t\t<\/div>\n\t\t<div class=\"elementor-element elementor-element-7518f674 e-con-full e-flex e-con e-parent\" data-id=\"7518f674\" data-element_type=\"container\" data-e-type=\"container\" data-settings=\"{&quot;background_background&quot;:&quot;classic&quot;}\">\n\t\t<div class=\"elementor-element elementor-element-40f85d14 e-con-full e-flex e-con e-child\" data-id=\"40f85d14\" data-element_type=\"container\" data-e-type=\"container\">\n\t\t\t\t<div class=\"elementor-element elementor-element-4096665b elementor-widget elementor-widget-heading\" data-id=\"4096665b\" data-element_type=\"widget\" data-e-type=\"widget\" data-widget_type=\"heading.default\">\n\t\t\t\t\t<span class=\"elementor-heading-title elementor-size-default\">NEWSLETTER<\/span>\t\t\t\t<\/div>\n\t\t<div class=\"elementor-element elementor-element-3d8b904 e-con-full e-flex e-con e-child\" data-id=\"3d8b904\" data-element_type=\"container\" data-e-type=\"container\">\n\t\t\t\t<div class=\"elementor-element elementor-element-42799a67 elementor-widget__width-initial elementor-widget elementor-widget-heading\" data-id=\"42799a67\" data-element_type=\"widget\" data-e-type=\"widget\" data-widget_type=\"heading.default\">\n\t\t\t\t\t<h2 class=\"elementor-heading-title elementor-size-default\"><span>Restez inform\u00e9 des derni\u00e8res actualit\u00e9s Protezioni<\/span><\/h2>\t\t\t\t<\/div>\n\t\t\t\t<div class=\"elementor-element elementor-element-7b16d6d0 elementor-widget elementor-widget-qi_addons_for_elementor_button\" data-id=\"7b16d6d0\" data-element_type=\"widget\" data-e-type=\"widget\" data-widget_type=\"qi_addons_for_elementor_button.default\">\n\t\t\t\t<div class=\"elementor-widget-container\">\n\t\t\t\t\t<a class=\"qodef-shortcode qodef-m qodef-qi-button qodef-html--link qodef-layout--filled qodef-type--standard qodef-icon--right qodef-hover--icon-move-horizontal-short\" href=\"https:\/\/www.protezionisrl.com\/fr\/newsletter\/\" target=\"_self\">\n\t<span class=\"qodef-m-text\">Inscrivez-vous<\/span>\n\t<\/a>\n\t\t\t\t<\/div>\n\t\t\t\t<\/div>\n\t\t\t\t<\/div>\n\t\t\t\t<\/div>\n\t\t\t\t<\/div>\n\t\t<div class=\"elementor-element elementor-element-f3809a4 elementor-hidden-desktop elementor-hidden-tablet elementor-hidden-mobile e-flex e-con-boxed e-con e-parent\" data-id=\"f3809a4\" data-element_type=\"container\" data-e-type=\"container\">\n\t\t\t\t\t<div class=\"e-con-inner\">\n\t\t\t\t<div class=\"elementor-element elementor-element-96609bb elementor-widget elementor-widget-qi_addons_for_elementor_separator\" data-id=\"96609bb\" data-element_type=\"widget\" data-e-type=\"widget\" data-widget_type=\"qi_addons_for_elementor_separator.default\">\n\t\t\t\t<div class=\"elementor-widget-container\">\n\t\t\t\t\t<div class=\"qodef-shortcode qodef-m qodef-qi-separator qodef-qi-clear qodef-separator--standard\">\n\t<div class=\"qodef-m-line\"><\/div>\n<\/div>\n\t\t\t\t<\/div>\n\t\t\t\t<\/div>\n\t\t\t\t\t<\/div>\n\t\t\t\t<\/div>\n\t\t<div class=\"elementor-element elementor-element-35183dfe e-con-full e-flex e-con e-parent\" data-id=\"35183dfe\" data-element_type=\"container\" data-e-type=\"container\">\n\t\t<div class=\"elementor-element elementor-element-75004774 e-con-full e-flex e-con e-child\" data-id=\"75004774\" data-element_type=\"container\" data-e-type=\"container\">\n\t\t\t\t<div class=\"elementor-element elementor-element-b6dd4a9 elementor-widget elementor-widget-heading\" data-id=\"b6dd4a9\" data-element_type=\"widget\" data-e-type=\"widget\" data-widget_type=\"heading.default\">\n\t\t\t\t\t<h2 class=\"elementor-heading-title elementor-size-default\">D\u00e9couvrez d'autres articles<\/h2>\t\t\t\t<\/div>\n\t\t\t\t<\/div>\n\t\t<div class=\"elementor-element elementor-element-44ca64ef e-con-full e-flex e-con e-child\" data-id=\"44ca64ef\" data-element_type=\"container\" data-e-type=\"container\">\n\t\t\t\t<div class=\"elementor-element elementor-element-11b3c3b2 elementor-widget elementor-widget-qi_addons_for_elementor_blog_slider\" data-id=\"11b3c3b2\" data-element_type=\"widget\" data-e-type=\"widget\" data-widget_type=\"qi_addons_for_elementor_blog_slider.default\">\n\t\t\t\t<div class=\"elementor-widget-container\">\n\t\t\t\t\t<div class=\"qodef-shortcode qodef-m custom-slider news-slider qodef-addons-blog-slider qodef-item-layout--info-on-image qodef-info-no-icons qodef-image--hover-move qodef-qi-grid qodef-qi-swiper-container qodef-item-layout--info-on-image qodef-navigation--inside qodef-pagination--outside qodef-pagination-alignment--start qodef-navigation--hover-move\" data-options=\"{&quot;direction&quot;:&quot;horizontal&quot;,&quot;slidesPerView&quot;:&quot;1&quot;,&quot;spaceBetween&quot;:20,&quot;spaceBetweenTablet&quot;:20,&quot;spaceBetweenMobile&quot;:20,&quot;effect&quot;:&quot;&quot;,&quot;loop&quot;:true,&quot;autoplay&quot;:true,&quot;centeredSlides&quot;:false,&quot;speed&quot;:&quot;&quot;,&quot;speedAnimation&quot;:&quot;&quot;,&quot;outsideNavigation&quot;:&quot;no&quot;,&quot;outsidePagination&quot;:&quot;yes&quot;,&quot;unique&quot;:&quot;1&quot;,&quot;partialValue&quot;:0.2,&quot;disablePartialValue&quot;:&quot;&quot;,&quot;parallax&quot;:&quot;no&quot;}\">\n\t<div class=\"swiper-wrapper\">\n\t\t<article class=\"qodef-e qodef-blog-item swiper-slide qodef-item--full post-9303 post type-post status-publish format-standard has-post-thumbnail hentry category-eventi-fr category-azienda-fr\">\n\t<div class=\"qodef-e-inner\">\n\t\t<div class=\"qodef-e-media\">\n\t\t<div class=\"qodef-e-media-image\">\n\t\t<a itemprop=\"url\" href=\"https:\/\/www.protezionisrl.com\/fr\/au-dela-des-frontieres-litalie-et-la-suisse-unies-par-le-design\/\">\n\t\t\t<img loading=\"lazy\" decoding=\"async\" width=\"1062\" height=\"1062\" src=\"https:\/\/www.protezionisrl.com\/wp-content\/uploads\/2026\/04\/1_Protezioni_Swiss_Corner_Milano-square.jpg\" class=\"attachment-full size-full\" alt=\"\" srcset=\"https:\/\/www.protezionisrl.com\/wp-content\/uploads\/2026\/04\/1_Protezioni_Swiss_Corner_Milano-square.jpg 1062w, https:\/\/www.protezionisrl.com\/wp-content\/uploads\/2026\/04\/1_Protezioni_Swiss_Corner_Milano-square-300x300.jpg 300w, https:\/\/www.protezionisrl.com\/wp-content\/uploads\/2026\/04\/1_Protezioni_Swiss_Corner_Milano-square-1024x1024.jpg 1024w, https:\/\/www.protezionisrl.com\/wp-content\/uploads\/2026\/04\/1_Protezioni_Swiss_Corner_Milano-square-150x150.jpg 150w, https:\/\/www.protezionisrl.com\/wp-content\/uploads\/2026\/04\/1_Protezioni_Swiss_Corner_Milano-square-768x768.jpg 768w, https:\/\/www.protezionisrl.com\/wp-content\/uploads\/2026\/04\/1_Protezioni_Swiss_Corner_Milano-square-650x650.jpg 650w\" sizes=\"(max-width: 1062px) 100vw, 1062px\" \/>\t\t<\/a>\n\t\t\t<\/div>\n<\/div>\n\t\t<div class=\"qodef-e-content\">\n\t\t\t\t\t\t\t<div class=\"qodef-e-info qodef-info--top\">\n\t\t\t\t\t<div class=\"qodef-e-info-item qodef-e-info-category\">\n\t\t<a href=\"https:\/\/www.protezionisrl.com\/fr\/category\/eventi-fr\/\" rel=\"category tag\">\u00c9v\u00e9nements<\/a><span class=\"qodef-category-separator\"><\/span><a href=\"https:\/\/www.protezionisrl.com\/fr\/category\/azienda-fr\/\" rel=\"category tag\">Protezioni<\/a><\/div>\n\t\t\t\t<\/div>\n\t\t\t\t\t\t<div class=\"qodef-e-text\">\n\t\t\t\t<h3 itemprop=\"name\" class=\"qodef-e-title entry-title\">\n\t<a itemprop=\"url\" class=\"qodef-e-title-link\" href=\"https:\/\/www.protezionisrl.com\/fr\/au-dela-des-frontieres-litalie-et-la-suisse-unies-par-le-design\/\">\n\t\tAu-del\u00e0 des fronti\u00e8res : l&rsquo;Italie et la Suisse unies par le design\t<\/a>\n<\/h3>\n\t\t\t<\/div>\n\t\t<\/div>\n\t<\/div>\n<\/article>\n<article class=\"qodef-e qodef-blog-item swiper-slide qodef-item--full post-8247 post type-post status-publish format-standard has-post-thumbnail hentry category-eventi-fr category-azienda-fr\">\n\t<div class=\"qodef-e-inner\">\n\t\t<div class=\"qodef-e-media\">\n\t\t<div class=\"qodef-e-media-image\">\n\t\t<a itemprop=\"url\" href=\"https:\/\/www.protezionisrl.com\/fr\/protezioni-au-salone-del-mobile-milan-2026\/\">\n\t\t\t<img loading=\"lazy\" decoding=\"async\" width=\"1062\" height=\"666\" src=\"https:\/\/www.protezionisrl.com\/wp-content\/uploads\/2026\/04\/PROTEZIONI_Visual-SDM2026_20260324-BannerNews.jpg\" class=\"attachment-full size-full\" alt=\"\" srcset=\"https:\/\/www.protezionisrl.com\/wp-content\/uploads\/2026\/04\/PROTEZIONI_Visual-SDM2026_20260324-BannerNews.jpg 1062w, https:\/\/www.protezionisrl.com\/wp-content\/uploads\/2026\/04\/PROTEZIONI_Visual-SDM2026_20260324-BannerNews-300x188.jpg 300w, https:\/\/www.protezionisrl.com\/wp-content\/uploads\/2026\/04\/PROTEZIONI_Visual-SDM2026_20260324-BannerNews-1024x642.jpg 1024w, https:\/\/www.protezionisrl.com\/wp-content\/uploads\/2026\/04\/PROTEZIONI_Visual-SDM2026_20260324-BannerNews-768x482.jpg 768w\" sizes=\"(max-width: 1062px) 100vw, 1062px\" \/>\t\t<\/a>\n\t\t\t<\/div>\n<\/div>\n\t\t<div class=\"qodef-e-content\">\n\t\t\t\t\t\t\t<div class=\"qodef-e-info qodef-info--top\">\n\t\t\t\t\t<div class=\"qodef-e-info-item qodef-e-info-category\">\n\t\t<a href=\"https:\/\/www.protezionisrl.com\/fr\/category\/eventi-fr\/\" rel=\"category tag\">\u00c9v\u00e9nements<\/a><span class=\"qodef-category-separator\"><\/span><a href=\"https:\/\/www.protezionisrl.com\/fr\/category\/azienda-fr\/\" rel=\"category tag\">Protezioni<\/a><\/div>\n\t\t\t\t<\/div>\n\t\t\t\t\t\t<div class=\"qodef-e-text\">\n\t\t\t\t<h3 itemprop=\"name\" class=\"qodef-e-title entry-title\">\n\t<a itemprop=\"url\" class=\"qodef-e-title-link\" href=\"https:\/\/www.protezionisrl.com\/fr\/protezioni-au-salone-del-mobile-milan-2026\/\">\n\t\tProtezioni au Salone del Mobile.Milan 2026\t<\/a>\n<\/h3>\n\t\t\t<\/div>\n\t\t<\/div>\n\t<\/div>\n<\/article>\n\t<\/div>\n\t\t<div class=\"swiper-button-prev\"><svg xmlns=\"http:\/\/www.w3.org\/2000\/svg\" viewBox=\"0 0 21 21\"><path d=\"M15.3,11.1h-7s2.2,2.3,2.2,2.3l-1,1-4-4,4-4,1,1-2.3,2.3h7.1s0,1.4,0,1.4Z\" fill=\"#272727\"><\/path><circle fill=\"none\" stroke=\"#272727\" cx=\"10.5\" cy=\"10.5\" r=\"10\"><\/circle><\/svg><\/div>\n\t<div class=\"swiper-button-next\"><svg xmlns=\"http:\/\/www.w3.org\/2000\/svg\" viewBox=\"0 0 21 21\"><path class=\"st1\" d=\"M5.7,9.7h7.1l-2.3-2.3,1-1,4,4-4,4-1-1,2.2-2.3h-7v-1.4Z\" fill=\"#272727\"><\/path><circle fill=\"none\" stroke=\"#272727\" cx=\"10.5\" cy=\"10.5\" r=\"10\"><\/circle><\/svg><\/div>\n<\/div>\n\t<div class=\"swiper-pagination qodef-swiper-pagination-outside swiper-pagination-1\"><\/div>\n\t\t\t\t<\/div>\n\t\t\t\t<\/div>\n\t\t\t\t<\/div>\n\t\t\t\t<\/div>\n\t\t\t\t<\/div>\n\t\t","protected":false},"excerpt":{"rendered":"<p>Apr\u00e8s le succ\u00e8s des \u00e9ditions pr\u00e9c\u00e9dentes, notamment \u201cThe Future of Living \u201d et \u201cPop n\u2019Plates\u201d, la collaboration entre Andrea Castrignano et Swiss Corner se poursuit.<\/p>\n","protected":false},"author":8,"featured_media":9253,"comment_status":"closed","ping_status":"closed","sticky":false,"template":"","format":"standard","meta":{"footnotes":""},"categories":[129,133],"tags":[],"class_list":["post-9303","post","type-post","status-publish","format-standard","has-post-thumbnail","hentry","category-eventi-fr","category-azienda-fr"],"yoast_head":"<!-- This site is optimized with the Yoast SEO plugin v27.4 - https:\/\/yoast.com\/product\/yoast-seo-wordpress\/ -->\n<title>Au-del\u00e0 des fronti\u00e8res : l&#039;Italie et la Suisse unies par le design - Protezioni Srl<\/title>\n<meta name=\"description\" content=\"Apr\u00e8s le succ\u00e8s des \u00e9ditions pr\u00e9c\u00e9dentes, notamment \u201cThe Future of Living \u201d et \u201cPop n\u2019Plates\u201d, la collaboration entre Andrea Castrignano et Swiss Corner se poursuit.\" \/>\n<meta name=\"robots\" content=\"index, follow, max-snippet:-1, max-image-preview:large, max-video-preview:-1\" \/>\n<link rel=\"canonical\" href=\"https:\/\/www.protezionisrl.com\/fr\/wp-json\/wp\/v2\/posts\/9303\/\" \/>\n<meta property=\"og:locale\" content=\"fr_FR\" \/>\n<meta property=\"og:type\" content=\"article\" \/>\n<meta property=\"og:title\" content=\"Au-del\u00e0 des fronti\u00e8res : l&#039;Italie et la Suisse unies par le design - Protezioni Srl\" \/>\n<meta property=\"og:description\" content=\"Apr\u00e8s le succ\u00e8s des \u00e9ditions pr\u00e9c\u00e9dentes, notamment \u201cThe Future of Living \u201d et \u201cPop n\u2019Plates\u201d, la collaboration entre Andrea Castrignano et Swiss Corner se poursuit.\" \/>\n<meta property=\"og:url\" content=\"https:\/\/www.protezionisrl.com\/fr\/au-dela-des-frontieres-litalie-et-la-suisse-unies-par-le-design\/\" \/>\n<meta property=\"og:site_name\" content=\"Protezioni Srl\" \/>\n<meta property=\"article:published_time\" content=\"2026-04-27T10:26:14+00:00\" \/>\n<meta property=\"article:modified_time\" content=\"2026-04-27T11:28:30+00:00\" \/>\n<meta property=\"og:image\" content=\"https:\/\/www.protezionisrl.com\/wp-content\/uploads\/2026\/04\/1_Protezioni_Swiss_Corner_Milano-square.jpg\" \/>\n\t<meta property=\"og:image:width\" content=\"1062\" \/>\n\t<meta property=\"og:image:height\" content=\"1062\" \/>\n\t<meta property=\"og:image:type\" content=\"image\/jpeg\" \/>\n<meta name=\"author\" content=\"marco.parpinelli\" \/>\n<meta name=\"twitter:card\" content=\"summary_large_image\" \/>\n<meta name=\"twitter:label1\" content=\"\u00c9crit par\" \/>\n\t<meta name=\"twitter:data1\" content=\"marco.parpinelli\" \/>\n\t<meta name=\"twitter:label2\" content=\"Dur\u00e9e de lecture estim\u00e9e\" \/>\n\t<meta name=\"twitter:data2\" content=\"2 minutes\" \/>\n<script type=\"application\/ld+json\" class=\"yoast-schema-graph\">{\"@context\":\"https:\\\/\\\/schema.org\",\"@graph\":[{\"@type\":\"Article\",\"@id\":\"https:\\\/\\\/www.protezionisrl.com\\\/fr\\\/au-dela-des-frontieres-litalie-et-la-suisse-unies-par-le-design\\\/#article\",\"isPartOf\":{\"@id\":\"https:\\\/\\\/www.protezionisrl.com\\\/fr\\\/au-dela-des-frontieres-litalie-et-la-suisse-unies-par-le-design\\\/\"},\"author\":{\"name\":\"marco.parpinelli\",\"@id\":\"https:\\\/\\\/www.protezionisrl.com\\\/#\\\/schema\\\/person\\\/b5a340d207485f5bf71753f507bc7a56\"},\"headline\":\"Au-del\u00e0 des fronti\u00e8res : l&rsquo;Italie et la Suisse unies par le design\",\"datePublished\":\"2026-04-27T10:26:14+00:00\",\"dateModified\":\"2026-04-27T11:28:30+00:00\",\"mainEntityOfPage\":{\"@id\":\"https:\\\/\\\/www.protezionisrl.com\\\/fr\\\/au-dela-des-frontieres-litalie-et-la-suisse-unies-par-le-design\\\/\"},\"wordCount\":455,\"publisher\":{\"@id\":\"https:\\\/\\\/www.protezionisrl.com\\\/#organization\"},\"image\":{\"@id\":\"https:\\\/\\\/www.protezionisrl.com\\\/fr\\\/au-dela-des-frontieres-litalie-et-la-suisse-unies-par-le-design\\\/#primaryimage\"},\"thumbnailUrl\":\"https:\\\/\\\/www.protezionisrl.com\\\/wp-content\\\/uploads\\\/2026\\\/04\\\/1_Protezioni_Swiss_Corner_Milano-square.jpg\",\"articleSection\":[\"\u00c9v\u00e9nements\",\"Protezioni\"],\"inLanguage\":\"fr-FR\"},{\"@type\":\"WebPage\",\"@id\":\"https:\\\/\\\/www.protezionisrl.com\\\/fr\\\/au-dela-des-frontieres-litalie-et-la-suisse-unies-par-le-design\\\/\",\"url\":\"https:\\\/\\\/www.protezionisrl.com\\\/fr\\\/au-dela-des-frontieres-litalie-et-la-suisse-unies-par-le-design\\\/\",\"name\":\"Au-del\u00e0 des fronti\u00e8res : l'Italie et la Suisse unies par le design - Protezioni Srl\",\"isPartOf\":{\"@id\":\"https:\\\/\\\/www.protezionisrl.com\\\/#website\"},\"primaryImageOfPage\":{\"@id\":\"https:\\\/\\\/www.protezionisrl.com\\\/fr\\\/au-dela-des-frontieres-litalie-et-la-suisse-unies-par-le-design\\\/#primaryimage\"},\"image\":{\"@id\":\"https:\\\/\\\/www.protezionisrl.com\\\/fr\\\/au-dela-des-frontieres-litalie-et-la-suisse-unies-par-le-design\\\/#primaryimage\"},\"thumbnailUrl\":\"https:\\\/\\\/www.protezionisrl.com\\\/wp-content\\\/uploads\\\/2026\\\/04\\\/1_Protezioni_Swiss_Corner_Milano-square.jpg\",\"datePublished\":\"2026-04-27T10:26:14+00:00\",\"dateModified\":\"2026-04-27T11:28:30+00:00\",\"description\":\"Apr\u00e8s le succ\u00e8s des \u00e9ditions pr\u00e9c\u00e9dentes, notamment \u201cThe Future of Living \u201d et \u201cPop n\u2019Plates\u201d, la collaboration entre Andrea Castrignano et Swiss Corner se poursuit.\",\"breadcrumb\":{\"@id\":\"https:\\\/\\\/www.protezionisrl.com\\\/fr\\\/au-dela-des-frontieres-litalie-et-la-suisse-unies-par-le-design\\\/#breadcrumb\"},\"inLanguage\":\"fr-FR\",\"potentialAction\":[{\"@type\":\"ReadAction\",\"target\":[\"https:\\\/\\\/www.protezionisrl.com\\\/fr\\\/au-dela-des-frontieres-litalie-et-la-suisse-unies-par-le-design\\\/\"]}]},{\"@type\":\"ImageObject\",\"inLanguage\":\"fr-FR\",\"@id\":\"https:\\\/\\\/www.protezionisrl.com\\\/fr\\\/au-dela-des-frontieres-litalie-et-la-suisse-unies-par-le-design\\\/#primaryimage\",\"url\":\"https:\\\/\\\/www.protezionisrl.com\\\/wp-content\\\/uploads\\\/2026\\\/04\\\/1_Protezioni_Swiss_Corner_Milano-square.jpg\",\"contentUrl\":\"https:\\\/\\\/www.protezionisrl.com\\\/wp-content\\\/uploads\\\/2026\\\/04\\\/1_Protezioni_Swiss_Corner_Milano-square.jpg\",\"width\":1062,\"height\":1062},{\"@type\":\"BreadcrumbList\",\"@id\":\"https:\\\/\\\/www.protezionisrl.com\\\/fr\\\/au-dela-des-frontieres-litalie-et-la-suisse-unies-par-le-design\\\/#breadcrumb\",\"itemListElement\":[{\"@type\":\"ListItem\",\"position\":1,\"name\":\"Home\",\"item\":\"https:\\\/\\\/www.protezionisrl.com\\\/\"},{\"@type\":\"ListItem\",\"position\":2,\"name\":\"Au-del\u00e0 des fronti\u00e8res : l&#8217;Italie et la Suisse unies par le design\"}]},{\"@type\":\"WebSite\",\"@id\":\"https:\\\/\\\/www.protezionisrl.com\\\/#website\",\"url\":\"https:\\\/\\\/www.protezionisrl.com\\\/\",\"name\":\"Protezioni Srl\",\"description\":\"\",\"publisher\":{\"@id\":\"https:\\\/\\\/www.protezionisrl.com\\\/#organization\"},\"potentialAction\":[{\"@type\":\"SearchAction\",\"target\":{\"@type\":\"EntryPoint\",\"urlTemplate\":\"https:\\\/\\\/www.protezionisrl.com\\\/?s={search_term_string}\"},\"query-input\":{\"@type\":\"PropertyValueSpecification\",\"valueRequired\":true,\"valueName\":\"search_term_string\"}}],\"inLanguage\":\"fr-FR\"},{\"@type\":\"Organization\",\"@id\":\"https:\\\/\\\/www.protezionisrl.com\\\/#organization\",\"name\":\"Protezioni Srl\",\"url\":\"https:\\\/\\\/www.protezionisrl.com\\\/\",\"logo\":{\"@type\":\"ImageObject\",\"inLanguage\":\"fr-FR\",\"@id\":\"https:\\\/\\\/www.protezionisrl.com\\\/#\\\/schema\\\/logo\\\/image\\\/\",\"url\":\"https:\\\/\\\/www.protezionisrl.com\\\/wp-content\\\/uploads\\\/2026\\\/02\\\/logo-protezioni.svg\",\"contentUrl\":\"https:\\\/\\\/www.protezionisrl.com\\\/wp-content\\\/uploads\\\/2026\\\/02\\\/logo-protezioni.svg\",\"width\":139,\"height\":24,\"caption\":\"Protezioni Srl\"},\"image\":{\"@id\":\"https:\\\/\\\/www.protezionisrl.com\\\/#\\\/schema\\\/logo\\\/image\\\/\"}},{\"@type\":\"Person\",\"@id\":\"https:\\\/\\\/www.protezionisrl.com\\\/#\\\/schema\\\/person\\\/b5a340d207485f5bf71753f507bc7a56\",\"name\":\"marco.parpinelli\"}]}<\/script>\n<!-- \/ Yoast SEO plugin. -->","yoast_head_json":{"title":"Au-del\u00e0 des fronti\u00e8res : l'Italie et la Suisse unies par le design - Protezioni Srl","description":"Apr\u00e8s le succ\u00e8s des \u00e9ditions pr\u00e9c\u00e9dentes, notamment \u201cThe Future of Living \u201d et \u201cPop n\u2019Plates\u201d, la collaboration entre Andrea Castrignano et Swiss Corner se poursuit.","robots":{"index":"index","follow":"follow","max-snippet":"max-snippet:-1","max-image-preview":"max-image-preview:large","max-video-preview":"max-video-preview:-1"},"canonical":"https:\/\/www.protezionisrl.com\/fr\/wp-json\/wp\/v2\/posts\/9303\/","og_locale":"fr_FR","og_type":"article","og_title":"Au-del\u00e0 des fronti\u00e8res : l'Italie et la Suisse unies par le design - Protezioni Srl","og_description":"Apr\u00e8s le succ\u00e8s des \u00e9ditions pr\u00e9c\u00e9dentes, notamment \u201cThe Future of Living \u201d et \u201cPop n\u2019Plates\u201d, la collaboration entre Andrea Castrignano et Swiss Corner se poursuit.","og_url":"https:\/\/www.protezionisrl.com\/fr\/au-dela-des-frontieres-litalie-et-la-suisse-unies-par-le-design\/","og_site_name":"Protezioni Srl","article_published_time":"2026-04-27T10:26:14+00:00","article_modified_time":"2026-04-27T11:28:30+00:00","og_image":[{"width":1062,"height":1062,"url":"https:\/\/www.protezionisrl.com\/wp-content\/uploads\/2026\/04\/1_Protezioni_Swiss_Corner_Milano-square.jpg","type":"image\/jpeg"}],"author":"marco.parpinelli","twitter_card":"summary_large_image","twitter_misc":{"\u00c9crit par":"marco.parpinelli","Dur\u00e9e de lecture estim\u00e9e":"2 minutes"},"schema":{"@context":"https:\/\/schema.org","@graph":[{"@type":"Article","@id":"https:\/\/www.protezionisrl.com\/fr\/au-dela-des-frontieres-litalie-et-la-suisse-unies-par-le-design\/#article","isPartOf":{"@id":"https:\/\/www.protezionisrl.com\/fr\/au-dela-des-frontieres-litalie-et-la-suisse-unies-par-le-design\/"},"author":{"name":"marco.parpinelli","@id":"https:\/\/www.protezionisrl.com\/#\/schema\/person\/b5a340d207485f5bf71753f507bc7a56"},"headline":"Au-del\u00e0 des fronti\u00e8res : l&rsquo;Italie et la Suisse unies par le design","datePublished":"2026-04-27T10:26:14+00:00","dateModified":"2026-04-27T11:28:30+00:00","mainEntityOfPage":{"@id":"https:\/\/www.protezionisrl.com\/fr\/au-dela-des-frontieres-litalie-et-la-suisse-unies-par-le-design\/"},"wordCount":455,"publisher":{"@id":"https:\/\/www.protezionisrl.com\/#organization"},"image":{"@id":"https:\/\/www.protezionisrl.com\/fr\/au-dela-des-frontieres-litalie-et-la-suisse-unies-par-le-design\/#primaryimage"},"thumbnailUrl":"https:\/\/www.protezionisrl.com\/wp-content\/uploads\/2026\/04\/1_Protezioni_Swiss_Corner_Milano-square.jpg","articleSection":["\u00c9v\u00e9nements","Protezioni"],"inLanguage":"fr-FR"},{"@type":"WebPage","@id":"https:\/\/www.protezionisrl.com\/fr\/au-dela-des-frontieres-litalie-et-la-suisse-unies-par-le-design\/","url":"https:\/\/www.protezionisrl.com\/fr\/au-dela-des-frontieres-litalie-et-la-suisse-unies-par-le-design\/","name":"Au-del\u00e0 des fronti\u00e8res : l'Italie et la Suisse unies par le design - Protezioni Srl","isPartOf":{"@id":"https:\/\/www.protezionisrl.com\/#website"},"primaryImageOfPage":{"@id":"https:\/\/www.protezionisrl.com\/fr\/au-dela-des-frontieres-litalie-et-la-suisse-unies-par-le-design\/#primaryimage"},"image":{"@id":"https:\/\/www.protezionisrl.com\/fr\/au-dela-des-frontieres-litalie-et-la-suisse-unies-par-le-design\/#primaryimage"},"thumbnailUrl":"https:\/\/www.protezionisrl.com\/wp-content\/uploads\/2026\/04\/1_Protezioni_Swiss_Corner_Milano-square.jpg","datePublished":"2026-04-27T10:26:14+00:00","dateModified":"2026-04-27T11:28:30+00:00","description":"Apr\u00e8s le succ\u00e8s des \u00e9ditions pr\u00e9c\u00e9dentes, notamment \u201cThe Future of Living \u201d et \u201cPop n\u2019Plates\u201d, la collaboration entre Andrea Castrignano et Swiss Corner se poursuit.","breadcrumb":{"@id":"https:\/\/www.protezionisrl.com\/fr\/au-dela-des-frontieres-litalie-et-la-suisse-unies-par-le-design\/#breadcrumb"},"inLanguage":"fr-FR","potentialAction":[{"@type":"ReadAction","target":["https:\/\/www.protezionisrl.com\/fr\/au-dela-des-frontieres-litalie-et-la-suisse-unies-par-le-design\/"]}]},{"@type":"ImageObject","inLanguage":"fr-FR","@id":"https:\/\/www.protezionisrl.com\/fr\/au-dela-des-frontieres-litalie-et-la-suisse-unies-par-le-design\/#primaryimage","url":"https:\/\/www.protezionisrl.com\/wp-content\/uploads\/2026\/04\/1_Protezioni_Swiss_Corner_Milano-square.jpg","contentUrl":"https:\/\/www.protezionisrl.com\/wp-content\/uploads\/2026\/04\/1_Protezioni_Swiss_Corner_Milano-square.jpg","width":1062,"height":1062},{"@type":"BreadcrumbList","@id":"https:\/\/www.protezionisrl.com\/fr\/au-dela-des-frontieres-litalie-et-la-suisse-unies-par-le-design\/#breadcrumb","itemListElement":[{"@type":"ListItem","position":1,"name":"Home","item":"https:\/\/www.protezionisrl.com\/"},{"@type":"ListItem","position":2,"name":"Au-del\u00e0 des fronti\u00e8res : l&#8217;Italie et la Suisse unies par le design"}]},{"@type":"WebSite","@id":"https:\/\/www.protezionisrl.com\/#website","url":"https:\/\/www.protezionisrl.com\/","name":"Protezioni Srl","description":"","publisher":{"@id":"https:\/\/www.protezionisrl.com\/#organization"},"potentialAction":[{"@type":"SearchAction","target":{"@type":"EntryPoint","urlTemplate":"https:\/\/www.protezionisrl.com\/?s={search_term_string}"},"query-input":{"@type":"PropertyValueSpecification","valueRequired":true,"valueName":"search_term_string"}}],"inLanguage":"fr-FR"},{"@type":"Organization","@id":"https:\/\/www.protezionisrl.com\/#organization","name":"Protezioni Srl","url":"https:\/\/www.protezionisrl.com\/","logo":{"@type":"ImageObject","inLanguage":"fr-FR","@id":"https:\/\/www.protezionisrl.com\/#\/schema\/logo\/image\/","url":"https:\/\/www.protezionisrl.com\/wp-content\/uploads\/2026\/02\/logo-protezioni.svg","contentUrl":"https:\/\/www.protezionisrl.com\/wp-content\/uploads\/2026\/02\/logo-protezioni.svg","width":139,"height":24,"caption":"Protezioni Srl"},"image":{"@id":"https:\/\/www.protezionisrl.com\/#\/schema\/logo\/image\/"}},{"@type":"Person","@id":"https:\/\/www.protezionisrl.com\/#\/schema\/person\/b5a340d207485f5bf71753f507bc7a56","name":"marco.parpinelli"}]}},"_links":{"self":[{"href":"https:\/\/www.protezionisrl.com\/fr\/wp-json\/wp\/v2\/posts\/9303","targetHints":{"allow":["GET"]}}],"collection":[{"href":"https:\/\/www.protezionisrl.com\/fr\/wp-json\/wp\/v2\/posts"}],"about":[{"href":"https:\/\/www.protezionisrl.com\/fr\/wp-json\/wp\/v2\/types\/post"}],"author":[{"embeddable":true,"href":"https:\/\/www.protezionisrl.com\/fr\/wp-json\/wp\/v2\/users\/8"}],"replies":[{"embeddable":true,"href":"https:\/\/www.protezionisrl.com\/fr\/wp-json\/wp\/v2\/comments?post=9303"}],"version-history":[{"count":10,"href":"https:\/\/www.protezionisrl.com\/fr\/wp-json\/wp\/v2\/posts\/9303\/revisions"}],"predecessor-version":[{"id":9328,"href":"https:\/\/www.protezionisrl.com\/fr\/wp-json\/wp\/v2\/posts\/9303\/revisions\/9328"}],"wp:featuredmedia":[{"embeddable":true,"href":"https:\/\/www.protezionisrl.com\/fr\/wp-json\/wp\/v2\/media\/9253"}],"wp:attachment":[{"href":"https:\/\/www.protezionisrl.com\/fr\/wp-json\/wp\/v2\/media?parent=9303"}],"wp:term":[{"taxonomy":"category","embeddable":true,"href":"https:\/\/www.protezionisrl.com\/fr\/wp-json\/wp\/v2\/categories?post=9303"},{"taxonomy":"post_tag","embeddable":true,"href":"https:\/\/www.protezionisrl.com\/fr\/wp-json\/wp\/v2\/tags?post=9303"}],"curies":[{"name":"wp","href":"https:\/\/api.w.org\/{rel}","templated":true}]}}